{"id":2527,"date":"2016-03-09T11:36:11","date_gmt":"2016-03-09T10:36:11","guid":{"rendered":"http:\/\/www.eva-schaefers.de\/?p=2527"},"modified":"2016-03-16T17:16:03","modified_gmt":"2016-03-16T16:16:03","slug":"audienz","status":"publish","type":"post","link":"http:\/\/www.eva-schaefers.de\/index.php\/2016\/03\/09\/audienz\/","title":{"rendered":"Audienz im Morgenmantel"},"content":{"rendered":"<p>[et_pb_section admin_label=&#8221;Sektion&#8221; global_module=&#8221;2790&#8243; fullwidth=&#8221;on&#8221; specialty=&#8221;off&#8221; transparent_background=&#8221;off&#8221; allow_player_pause=&#8221;off&#8221; inner_shadow=&#8221;off&#8221; parallax=&#8221;off&#8221; parallax_method=&#8221;off&#8221; padding_mobile=&#8221;off&#8221; make_fullwidth=&#8221;off&#8221; use_custom_width=&#8221;off&#8221; width_unit=&#8221;on&#8221; make_equal=&#8221;off&#8221; use_custom_gutter=&#8221;off&#8221; gutter_width=&#8221;3&#8243;][et_pb_fullwidth_post_title global_parent=&#8221;2790&#8243; admin_label=&#8221;Volle Breites des Posttitels&#8221; title=&#8221;on&#8221; meta=&#8221;off&#8221; author=&#8221;on&#8221; date=&#8221;on&#8221; categories=&#8221;on&#8221; comments=&#8221;on&#8221; featured_image=&#8221;on&#8221; featured_placement=&#8221;below&#8221; parallax_effect=&#8221;on&#8221; parallax_method=&#8221;on&#8221; text_orientation=&#8221;left&#8221; text_color=&#8221;dark&#8221; text_background=&#8221;off&#8221; text_bg_color=&#8221;rgba(255,255,255,0.9)&#8221; module_bg_color=&#8221;rgba(255,255,255,0)&#8221; title_all_caps=&#8221;off&#8221; meta_font_size=&#8221;14&#8243; use_border_color=&#8221;off&#8221; border_color=&#8221;#ffffff&#8221; border_style=&#8221;solid&#8221;] [\/et_pb_fullwidth_post_title][\/et_pb_section][et_pb_section admin_label=&#8221;section&#8221;][et_pb_row admin_label=&#8221;row&#8221;][et_pb_column type=&#8221;4_4&#8243;][et_pb_text admin_label=&#8221;Text&#8221; background_layout=&#8221;light&#8221; text_orientation=&#8221;left&#8221; text_font_size=&#8221;14&#8243; use_border_color=&#8221;off&#8221; border_color=&#8221;#ffffff&#8221; border_style=&#8221;solid&#8221;]<\/p>\n<p class=\"western\"><strong>Audienz im Morgenmantel.<\/strong><br \/>\nJens Rostecks gut recherchierte, kluge und angenehm zur\u00fcckhaltende Biographie \u00fcber \u00c9dith Piaf<br \/>\n<strong><a href=\"https:\/\/www.genios.de\/document?id=SZ__A56176704&amp;src=hitlist&amp;offset=0\" target=\"_blank\">S\u00fcddeutsche Zeitung<\/a><\/strong><br \/>\n02.01.2014<\/p>\n<p>[\/et_pb_text][et_pb_text admin_label=&#8221;Text&#8221; background_layout=&#8221;light&#8221; text_orientation=&#8221;left&#8221; text_font_size=&#8221;14&#8243; use_border_color=&#8221;off&#8221; border_color=&#8221;#ffffff&#8221; border_style=&#8221;solid&#8221;]<\/p>\n<blockquote>\n<p style=\"text-align: justify;\">\u201eMach schnell\u201c, sagt sie \u00fcbel gelaunt zu dem nerv\u00f6sen Charles Dumont, der ihr am Klavier eine neue Melodie vorstellen m\u00f6chte. Sie h\u00e4lt nicht viel von dem Komponisten, hat ihn schon oft abgewiesen, und sie ist m\u00fcde. Doch als sie die fanfarenhaften T\u00f6ne h\u00f6rt, ist sie elektrisiert. Dieses Lied wird ihres werden, das wei\u00df \u00c9dith Piaf sofort: \u201eNon, je ne regrette rien\u201c.<br \/>\nEine trotzige Hymne an das Leben, wie ihr Biograph Jens Rosteck schreibt.<br \/>\n[\u2026] brillant formulierte Essays von hohem musikalischen Sachverstand, die bis in feinste Nuancen Melodie und Sprache nachsp\u00fcren und beispielsweise zeigen, wie die Nasale des \u201eNon, je ne regrette rien\u201c das emotionale Pathos phonetisch unterst\u00fctzen.<br \/>\nUnd manchmal erreicht Jens Rosteck das, was sich so mancher Feuilletonist ertr\u00e4umt: dass es gelingt, mit den eigenen Worten ein Kunstwerk nachzuerschaffen.<\/p>\n<\/blockquote>\n<p>[\/et_pb_text][\/et_pb_column][\/et_pb_row][\/et_pb_section]<\/p>\n","protected":false},"excerpt":{"rendered":"<p>Jens Rostecks gut recherchierte, kluge und angenehm zur\u00fcckhaltende Biographie \u00fcber Edith Piaf<br \/>\nS\u00fcddeutsche Zeitung<\/p>\n<p>\u201eMach schnell\u201c, sagt sie \u00fcbel gelaunt &#8230;<\/p>\n","protected":false},"author":2,"featured_media":2740,"comment_status":"closed","ping_status":"closed","sticky":false,"template":"","format":"standard","meta":{"_et_pb_use_builder":"on","_et_pb_old_content":"","_et_gb_content_width":"","footnotes":""},"categories":[8],"tags":[],"class_list":["post-2527","post","type-post","status-publish","format-standard","has-post-thumbnail","hentry","category-literatur"],"_links":{"self":[{"href":"http:\/\/www.eva-schaefers.de\/index.php\/wp-json\/wp\/v2\/posts\/2527","targetHints":{"allow":["GET"]}}],"collection":[{"href":"http:\/\/www.eva-schaefers.de\/index.php\/wp-json\/wp\/v2\/posts"}],"about":[{"href":"http:\/\/www.eva-schaefers.de\/index.php\/wp-json\/wp\/v2\/types\/post"}],"author":[{"embeddable":true,"href":"http:\/\/www.eva-schaefers.de\/index.php\/wp-json\/wp\/v2\/users\/2"}],"replies":[{"embeddable":true,"href":"http:\/\/www.eva-schaefers.de\/index.php\/wp-json\/wp\/v2\/comments?post=2527"}],"version-history":[{"count":8,"href":"http:\/\/www.eva-schaefers.de\/index.php\/wp-json\/wp\/v2\/posts\/2527\/revisions"}],"predecessor-version":[{"id":2796,"href":"http:\/\/www.eva-schaefers.de\/index.php\/wp-json\/wp\/v2\/posts\/2527\/revisions\/2796"}],"wp:featuredmedia":[{"embeddable":true,"href":"http:\/\/www.eva-schaefers.de\/index.php\/wp-json\/wp\/v2\/media\/2740"}],"wp:attachment":[{"href":"http:\/\/www.eva-schaefers.de\/index.php\/wp-json\/wp\/v2\/media?parent=2527"}],"wp:term":[{"taxonomy":"category","embeddable":true,"href":"http:\/\/www.eva-schaefers.de\/index.php\/wp-json\/wp\/v2\/categories?post=2527"},{"taxonomy":"post_tag","embeddable":true,"href":"http:\/\/www.eva-schaefers.de\/index.php\/wp-json\/wp\/v2\/tags?post=2527"}],"curies":[{"name":"wp","href":"https:\/\/api.w.org\/{rel}","templated":true}]}}