{"id":2696,"date":"2016-03-09T12:13:55","date_gmt":"2016-03-09T11:13:55","guid":{"rendered":"http:\/\/www.eva-schaefers.de\/?p=2696"},"modified":"2016-03-16T17:14:04","modified_gmt":"2016-03-16T16:14:04","slug":"tugend","status":"publish","type":"post","link":"http:\/\/www.eva-schaefers.de\/index.php\/2016\/03\/09\/tugend\/","title":{"rendered":"Von Tugend und Herzeleid"},"content":{"rendered":"<p>[et_pb_section admin_label=&#8221;Sektion&#8221; fullwidth=&#8221;on&#8221; specialty=&#8221;off&#8221; transparent_background=&#8221;off&#8221; allow_player_pause=&#8221;off&#8221; inner_shadow=&#8221;off&#8221; parallax=&#8221;off&#8221; parallax_method=&#8221;off&#8221; padding_mobile=&#8221;off&#8221; make_fullwidth=&#8221;off&#8221; use_custom_width=&#8221;off&#8221; width_unit=&#8221;on&#8221; make_equal=&#8221;off&#8221; use_custom_gutter=&#8221;off&#8221; gutter_width=&#8221;3&#8243; global_module=&#8221;2792&#8243;][et_pb_fullwidth_post_title global_parent=&#8221;2792&#8243; admin_label=&#8221;Volle Breites des Posttitels&#8221; title=&#8221;on&#8221; meta=&#8221;off&#8221; author=&#8221;on&#8221; date=&#8221;on&#8221; categories=&#8221;on&#8221; comments=&#8221;on&#8221; featured_image=&#8221;on&#8221; featured_placement=&#8221;below&#8221; parallax_effect=&#8221;on&#8221; parallax_method=&#8221;on&#8221; text_orientation=&#8221;left&#8221; text_color=&#8221;dark&#8221; text_background=&#8221;off&#8221; text_bg_color=&#8221;rgba(255,255,255,0.9)&#8221; module_bg_color=&#8221;rgba(255,255,255,0)&#8221; title_all_caps=&#8221;off&#8221; meta_font_size=&#8221;14&#8243; use_border_color=&#8221;off&#8221; border_color=&#8221;#ffffff&#8221; border_style=&#8221;solid&#8221;] [\/et_pb_fullwidth_post_title][\/et_pb_section][et_pb_section admin_label=&#8221;section&#8221;][et_pb_row admin_label=&#8221;row&#8221;][et_pb_column type=&#8221;4_4&#8243;][et_pb_text admin_label=&#8221;Text&#8221; background_layout=&#8221;light&#8221; text_orientation=&#8221;left&#8221; text_font_size=&#8221;14&#8243; use_border_color=&#8221;off&#8221; border_color=&#8221;#ffffff&#8221; border_style=&#8221;solid&#8221;]<\/p>\n<p class=\"western\"><strong>Von Tugend und Herzeleid<\/strong><br \/>\nValentin Jeker bringt das Schicksalsdrama \u201eMaria Magdalena\u201c mitsamt seinem Staub auf die B\u00fchne der Godesberger Kammerspiele<br \/>\n<strong>Westf\u00e4lischer Anzeiger<\/strong><br \/>\n21.3.2002<\/p>\n<p>[\/et_pb_text][et_pb_text admin_label=&#8221;Text&#8221; background_layout=&#8221;light&#8221; text_orientation=&#8221;left&#8221; text_font_size=&#8221;14&#8243; use_border_color=&#8221;off&#8221; border_color=&#8221;#ffffff&#8221; border_style=&#8221;solid&#8221;]<\/p>\n<blockquote><p>[&#8230;] Die wild gemusterte und ordin\u00e4r farbige, aber intelligent durchdachte B\u00fchne l\u00e4sst noch hoffen. In einem hohen Tapetenraum mit zeitgeistigem Trash-Charme hat Thomas Drei\u00dfigacker eine winzig kleine, armselig m\u00f6blierte Wohnstube abgezirkelt. Dar\u00fcber schwebt ein schwarzer Wandkasten, der sich immer wieder auf die Stube hinuntersenkt. Ja, so eng und beschr\u00e4nkt ist die Welt des Tischlermeisters Anton.<br \/>\nM\u00f6ge der Kasten doch nur immer oben bleiben! [&#8230;]<\/p><\/blockquote>\n<p>[\/et_pb_text][\/et_pb_column][\/et_pb_row][\/et_pb_section]<\/p>\n","protected":false},"excerpt":{"rendered":"<p>Valentin Jeker bringt das Schicksalsdrama \u201eMaria Magdalena\u201c mitsamt seinem Staub auf die B\u00fchne der Godesberger Kammerspiele<br \/>\nWestf\u00e4lischer Anzeiger<\/p>\n<p>Die wild gemusterte und ordin\u00e4r farbige, aber intelligent durchdachte B\u00fchne l\u00e4sst noch hoffen. &#8230;<\/p>\n","protected":false},"author":2,"featured_media":0,"comment_status":"closed","ping_status":"closed","sticky":false,"template":"","format":"standard","meta":{"_et_pb_use_builder":"on","_et_pb_old_content":"","_et_gb_content_width":"","footnotes":""},"categories":[8],"tags":[],"class_list":["post-2696","post","type-post","status-publish","format-standard","hentry","category-literatur"],"_links":{"self":[{"href":"http:\/\/www.eva-schaefers.de\/index.php\/wp-json\/wp\/v2\/posts\/2696","targetHints":{"allow":["GET"]}}],"collection":[{"href":"http:\/\/www.eva-schaefers.de\/index.php\/wp-json\/wp\/v2\/posts"}],"about":[{"href":"http:\/\/www.eva-schaefers.de\/index.php\/wp-json\/wp\/v2\/types\/post"}],"author":[{"embeddable":true,"href":"http:\/\/www.eva-schaefers.de\/index.php\/wp-json\/wp\/v2\/users\/2"}],"replies":[{"embeddable":true,"href":"http:\/\/www.eva-schaefers.de\/index.php\/wp-json\/wp\/v2\/comments?post=2696"}],"version-history":[{"count":7,"href":"http:\/\/www.eva-schaefers.de\/index.php\/wp-json\/wp\/v2\/posts\/2696\/revisions"}],"predecessor-version":[{"id":2786,"href":"http:\/\/www.eva-schaefers.de\/index.php\/wp-json\/wp\/v2\/posts\/2696\/revisions\/2786"}],"wp:attachment":[{"href":"http:\/\/www.eva-schaefers.de\/index.php\/wp-json\/wp\/v2\/media?parent=2696"}],"wp:term":[{"taxonomy":"category","embeddable":true,"href":"http:\/\/www.eva-schaefers.de\/index.php\/wp-json\/wp\/v2\/categories?post=2696"},{"taxonomy":"post_tag","embeddable":true,"href":"http:\/\/www.eva-schaefers.de\/index.php\/wp-json\/wp\/v2\/tags?post=2696"}],"curies":[{"name":"wp","href":"https:\/\/api.w.org\/{rel}","templated":true}]}}