{"id":2736,"date":"2016-01-16T11:46:00","date_gmt":"2016-01-16T10:46:00","guid":{"rendered":"http:\/\/www.eva-schaefers.de\/?p=2736"},"modified":"2016-03-16T17:31:03","modified_gmt":"2016-03-16T16:31:03","slug":"bauern-leiden","status":"publish","type":"post","link":"http:\/\/www.eva-schaefers.de\/index.php\/2016\/01\/16\/bauern-leiden\/","title":{"rendered":"Bauern leiden"},"content":{"rendered":"<p>[et_pb_section admin_label=&#8221;Sektion&#8221; global_module=&#8221;2790&#8243; fullwidth=&#8221;on&#8221; specialty=&#8221;off&#8221; transparent_background=&#8221;off&#8221; allow_player_pause=&#8221;off&#8221; inner_shadow=&#8221;off&#8221; parallax=&#8221;off&#8221; parallax_method=&#8221;off&#8221; padding_mobile=&#8221;off&#8221; make_fullwidth=&#8221;off&#8221; use_custom_width=&#8221;off&#8221; width_unit=&#8221;on&#8221; make_equal=&#8221;off&#8221; use_custom_gutter=&#8221;off&#8221; gutter_width=&#8221;3&#8243;][et_pb_fullwidth_post_title global_parent=&#8221;2790&#8243; admin_label=&#8221;Volle Breites des Posttitels&#8221; title=&#8221;on&#8221; meta=&#8221;off&#8221; author=&#8221;on&#8221; date=&#8221;on&#8221; categories=&#8221;on&#8221; comments=&#8221;on&#8221; featured_image=&#8221;on&#8221; featured_placement=&#8221;below&#8221; parallax_effect=&#8221;on&#8221; parallax_method=&#8221;on&#8221; text_orientation=&#8221;left&#8221; text_color=&#8221;dark&#8221; text_background=&#8221;off&#8221; text_bg_color=&#8221;rgba(255,255,255,0.9)&#8221; module_bg_color=&#8221;rgba(255,255,255,0)&#8221; title_all_caps=&#8221;off&#8221; meta_font_size=&#8221;14&#8243; use_border_color=&#8221;off&#8221; border_color=&#8221;#ffffff&#8221; border_style=&#8221;solid&#8221;] [\/et_pb_fullwidth_post_title][\/et_pb_section][et_pb_section admin_label=&#8221;section&#8221;][et_pb_row admin_label=&#8221;row&#8221;][et_pb_column type=&#8221;4_4&#8243;][et_pb_text admin_label=&#8221;Text&#8221; background_layout=&#8221;light&#8221; text_orientation=&#8221;left&#8221; text_font_size=&#8221;14&#8243; use_border_color=&#8221;off&#8221; border_color=&#8221;#ffffff&#8221; border_style=&#8221;solid&#8221;]<\/p>\n<p class=\"western\"><strong>Bauern leiden<\/strong><br \/>\nGerhard Hauptmann: Rose Bernd. Schauspiel Bonn, Kammerspiele<br \/>\n<strong>Schn\u00fcss<\/strong><br \/>\nNovember 1998<\/p>\n<p>[\/et_pb_text][et_pb_text admin_label=&#8221;Text&#8221; background_layout=&#8221;light&#8221; text_orientation=&#8221;left&#8221; text_font_size=&#8221;14&#8243; use_border_color=&#8221;off&#8221; border_color=&#8221;#ffffff&#8221; border_style=&#8221;solid&#8221;]<\/p>\n<blockquote>\n<p style=\"text-align: justify;\">Das Schauspiel Bonn fand in seiner PR keine kleinlauten, sondern durchaus selbstbewu\u00dfte Worte. Die thematische Aktualit\u00e4t der Geschichte von der meineidigen Kindsm\u00f6rderin liege auf der Hand. So? Warum wollte man nur dieses pietistisch-kleinb\u00fcrgerliche Milieu Niederschlesiens auf die B\u00fchne bringen? Wir haben es nicht herausgefunden, aber daf\u00fcr viel gelacht.<\/p>\n<p>Nicht Streckmann, dieser abgrundtief schlechte Scheunen-Casanova bricht am Ende die bl\u00fchende Rose, sondern das \u00fcberm\u00e4chtige \u201eSchicksal\u201c, \u2026 als d\u00fcsteres Wolkenpanorama bedrohlich dr\u00e4uend in die Kammerspiele gestellt. Immerhin hat sie [die B\u00fchnenbildnerin] die schlesische Scholle nicht naturalistisch auf die B\u00fchne geschaufelt, sondern als eine Art wild wogenden Mikadost\u00e4bchen-Boden fast ins Komische verfremdet. Ein Lichtblick in diesem staubigen Kammerspiel sind jedoch die Schauspieler \u2026 Vor allem ber\u00fchrt die sehr nat\u00fcrlich spielende Johanna Wokalek als Rose Bernd. August Keil, ihr anr\u00fchrend kl\u00e4glicher Br\u00e4utigam, findet zum Schlu\u00df mitleidige Worte f\u00fcr sie: \u201eDas M\u00e4del, was mu\u00df sie gelitten han\u201c. Ja, und die Zuschauer erst!<\/p><\/blockquote>\n<p>[\/et_pb_text][\/et_pb_column][\/et_pb_row][\/et_pb_section]<\/p>\n","protected":false},"excerpt":{"rendered":"<p>Gerhard Hauptmann: Rose Bernd. Schauspiel Bonn, Kammerspiele<br \/>\nSchn\u00fcss,<\/p>\n<p>Das Schauspiel Bonn fand in seiner PR keine kleinlauten, sondern durchaus selbstbewu\u00dfte Worte. Die thematische Aktualit\u00e4t der Geschichte von der meineidigen Kindsm\u00f6rderin liege auf der Hand. So? Warum wollte man nur<\/p>\n","protected":false},"author":2,"featured_media":0,"comment_status":"closed","ping_status":"closed","sticky":false,"template":"","format":"standard","meta":{"_et_pb_use_builder":"on","_et_pb_old_content":"","_et_gb_content_width":"","footnotes":""},"categories":[8],"tags":[],"class_list":["post-2736","post","type-post","status-publish","format-standard","hentry","category-literatur"],"_links":{"self":[{"href":"http:\/\/www.eva-schaefers.de\/index.php\/wp-json\/wp\/v2\/posts\/2736","targetHints":{"allow":["GET"]}}],"collection":[{"href":"http:\/\/www.eva-schaefers.de\/index.php\/wp-json\/wp\/v2\/posts"}],"about":[{"href":"http:\/\/www.eva-schaefers.de\/index.php\/wp-json\/wp\/v2\/types\/post"}],"author":[{"embeddable":true,"href":"http:\/\/www.eva-schaefers.de\/index.php\/wp-json\/wp\/v2\/users\/2"}],"replies":[{"embeddable":true,"href":"http:\/\/www.eva-schaefers.de\/index.php\/wp-json\/wp\/v2\/comments?post=2736"}],"version-history":[{"count":4,"href":"http:\/\/www.eva-schaefers.de\/index.php\/wp-json\/wp\/v2\/posts\/2736\/revisions"}],"predecessor-version":[{"id":2811,"href":"http:\/\/www.eva-schaefers.de\/index.php\/wp-json\/wp\/v2\/posts\/2736\/revisions\/2811"}],"wp:attachment":[{"href":"http:\/\/www.eva-schaefers.de\/index.php\/wp-json\/wp\/v2\/media?parent=2736"}],"wp:term":[{"taxonomy":"category","embeddable":true,"href":"http:\/\/www.eva-schaefers.de\/index.php\/wp-json\/wp\/v2\/categories?post=2736"},{"taxonomy":"post_tag","embeddable":true,"href":"http:\/\/www.eva-schaefers.de\/index.php\/wp-json\/wp\/v2\/tags?post=2736"}],"curies":[{"name":"wp","href":"https:\/\/api.w.org\/{rel}","templated":true}]}}